{"id":1189,"date":"2023-09-12T16:44:00","date_gmt":"2023-09-12T14:44:00","guid":{"rendered":"http:\/\/beneficialproject.com\/?p=1189"},"modified":"2023-09-25T16:55:32","modified_gmt":"2023-09-25T14:55:32","slug":"neue-sitzbaenke-fuer-alle-kinder","status":"publish","type":"post","link":"https:\/\/beneficialproject.com\/en\/neue-sitzbaenke-fuer-alle-kinder\/","title":{"rendered":"New benches for all children"},"content":{"rendered":"<p>The Hamburg-based association &quot;Bridges for Children&quot; has funded new and improved benches for all the children. Many thanks for this wonderful donation.<\/p>\n\n\n\n<figure class=\"wp-block-image size-large\"><img loading=\"lazy\" decoding=\"async\" width=\"1024\" height=\"768\" src=\"http:\/\/beneficialproject.com\/wp-content\/uploads\/2023\/09\/IMG_6023-1024x768.jpeg\" alt=\"\" class=\"wp-image-1192\" srcset=\"https:\/\/beneficialproject.com\/wp-content\/uploads\/2023\/09\/IMG_6023-1024x768.jpeg 1024w, https:\/\/beneficialproject.com\/wp-content\/uploads\/2023\/09\/IMG_6023-300x225.jpeg 300w, https:\/\/beneficialproject.com\/wp-content\/uploads\/2023\/09\/IMG_6023-768x576.jpeg 768w, https:\/\/beneficialproject.com\/wp-content\/uploads\/2023\/09\/IMG_6023-1536x1152.jpeg 1536w, https:\/\/beneficialproject.com\/wp-content\/uploads\/2023\/09\/IMG_6023-2048x1536.jpeg 2048w, https:\/\/beneficialproject.com\/wp-content\/uploads\/2023\/09\/IMG_6023-1140x855.jpeg 1140w\" sizes=\"auto, (max-width: 1024px) 100vw, 1024px\" \/><\/figure>\n\n\n\n<p><br><strong>Andreas Klitsch, Chairman and Founder\u00a0<em>Bridges for Children eV:<\/em><\/strong><\/p>\n\n\n\n<p>\u201e&quot;Behind the association Br\u00fccken f\u00fcr Kinder eV (Bridges for Children) has always been the desire that every child can look forward to a future full of opportunities. A healthy planet and social justice are essential for this. Supporting Beneficial eV in the long term is a matter close to our hearts.&quot;\u201c<\/p>\n\n\n\n<p><\/p>","protected":false},"excerpt":{"rendered":"<p>Der Hamburger Verein &#8222;Br\u00fccken f\u00fcr Kinder&#8220; hat f\u00fcr alle Kinder neue und bessere Sitzb\u00e4nke finanziert. An dieser Stelle vielen Dank f\u00fcr diese wunderbare Spende. Andreas Klitsch, Vorsitzender und Gr\u00fcnder\u00a0Br\u00fccken f\u00fcr Kinder e.V.: \u201eHinter dem Verein Br\u00fccken f\u00fcr Kinder e.V. steckte immer der Wunsch, dass jedes Kind sich freuen kann auf eine Zukunft voller Chancen. Ein gesunder Planet und soziale Gerechtigkeit sind daf\u00fcr unabdingbar. Den Beneficial e.V. langfristig zu begleiten ist uns eine Herzensangelegenheit.&#8220;<\/p>","protected":false},"author":5,"featured_media":1192,"comment_status":"open","ping_status":"open","sticky":false,"template":"","format":"standard","meta":{"footnotes":""},"categories":[1],"tags":[],"class_list":["post-1189","post","type-post","status-publish","format-standard","has-post-thumbnail","hentry","category-allgemein"],"_links":{"self":[{"href":"https:\/\/beneficialproject.com\/en\/wp-json\/wp\/v2\/posts\/1189","targetHints":{"allow":["GET"]}}],"collection":[{"href":"https:\/\/beneficialproject.com\/en\/wp-json\/wp\/v2\/posts"}],"about":[{"href":"https:\/\/beneficialproject.com\/en\/wp-json\/wp\/v2\/types\/post"}],"author":[{"embeddable":true,"href":"https:\/\/beneficialproject.com\/en\/wp-json\/wp\/v2\/users\/5"}],"replies":[{"embeddable":true,"href":"https:\/\/beneficialproject.com\/en\/wp-json\/wp\/v2\/comments?post=1189"}],"version-history":[{"count":1,"href":"https:\/\/beneficialproject.com\/en\/wp-json\/wp\/v2\/posts\/1189\/revisions"}],"predecessor-version":[{"id":1193,"href":"https:\/\/beneficialproject.com\/en\/wp-json\/wp\/v2\/posts\/1189\/revisions\/1193"}],"wp:featuredmedia":[{"embeddable":true,"href":"https:\/\/beneficialproject.com\/en\/wp-json\/wp\/v2\/media\/1192"}],"wp:attachment":[{"href":"https:\/\/beneficialproject.com\/en\/wp-json\/wp\/v2\/media?parent=1189"}],"wp:term":[{"taxonomy":"category","embeddable":true,"href":"https:\/\/beneficialproject.com\/en\/wp-json\/wp\/v2\/categories?post=1189"},{"taxonomy":"post_tag","embeddable":true,"href":"https:\/\/beneficialproject.com\/en\/wp-json\/wp\/v2\/tags?post=1189"}],"curies":[{"name":"wp","href":"https:\/\/api.w.org\/{rel}","templated":true}]}}